{"id":870,"date":"2022-04-27T08:27:16","date_gmt":"2022-04-27T08:27:16","guid":{"rendered":"https:\/\/ccb-sardegna.it\/?p=870"},"modified":"2022-04-27T08:28:32","modified_gmt":"2022-04-27T08:28:32","slug":"nuove-scoperte-in-epoca-medievale-a-sassari","status":"publish","type":"post","link":"https:\/\/ccb-sardegna.it\/?p=870","title":{"rendered":"Nuove scoperte in epoca Medievale a Sassari"},"content":{"rendered":"\n<p class=\"has-text-align-left\">\u00c8 stato recentemente pubblicato sul numero speciale \u201cCrops and Agriculture in Medieval Age in Europe&#8221; della rivista Plants lo studio comparativo sulla morfometria dei semi di susino, anguria e vite rinvenuti all\u2019interno di un pozzo utilizzato in epoca Medievale a Sassari.<\/p>\n\n\n\n<p class=\"has-text-align-left\">Le analisi morfometriche hanno fornito un contributo innovativo alla caratterizzazione dell&#8217;agrobiodiversit\u00e0 del Sardegna, offrendo nuove informazioni sulle caratteristiche fenotipiche dei frutti coltivati durante l\u2019epoca Medievale.<\/p>\n\n\n\n<p class=\"has-text-align-left\">Le ricerche sono state realizzate presso il Centro Conservazione Biodiversit\u00e0 (CCB) dell\u2019Universit\u00e0 di Cagliari con la collaborazione del Departament de Prehist\u00f2ria i Arqueologia dell\u2019Universit\u00e0 di Valencia, dell\u2019Institut des Sciences de l\u2019\u00c9volution (ISEM) dell\u2019Universit\u00e0 di Montpellier, del Laboratorio di Palinologia e Paleobotanica dell\u2019Universit\u00e0 di Modena e Reggio Emilia e del Laborat\u00f3rio de An\u00e1lise de Sementes dell\u2019Universit\u00e0 Universidade Federal Rural do Semi-\u00c1rido (UFERSA) del Brasile.<\/p>\n\n\n\n<p class=\"has-text-align-left\">L\u2019articolo \u00e8 consultabile gratuitamente al seguente link: <\/p>\n\n\n\n<p><a href=\"https:\/\/www.mdpi.com\/2223-7747\/11\/8\/1089\">https:\/\/www.mdpi.com\/2223-7747\/11\/8\/1089<\/a><\/p>\n\n\n\n<figure class=\"wp-block-image size-large\"><img loading=\"lazy\" decoding=\"async\" width=\"1024\" height=\"576\" src=\"https:\/\/ccb-sardegna.it\/wp-content\/uploads\/2022\/04\/Presentazione-standard1-1024x576.jpg\" alt=\"\" class=\"wp-image-873\" srcset=\"https:\/\/ccb-sardegna.it\/wp-content\/uploads\/2022\/04\/Presentazione-standard1-1024x576.jpg 1024w, https:\/\/ccb-sardegna.it\/wp-content\/uploads\/2022\/04\/Presentazione-standard1-300x169.jpg 300w, https:\/\/ccb-sardegna.it\/wp-content\/uploads\/2022\/04\/Presentazione-standard1-768x432.jpg 768w, https:\/\/ccb-sardegna.it\/wp-content\/uploads\/2022\/04\/Presentazione-standard1.jpg 1280w\" sizes=\"auto, (max-width: 1024px) 100vw, 1024px\" \/><\/figure>\n","protected":false},"excerpt":{"rendered":"<p>\u00c8 stato recentemente pubblicato sul numero speciale \u201cCrops and Agriculture in Medieval Age in Europe&#8221; della rivista Plants lo studio comparativo sulla morfometria dei semi di susino, anguria e vite&hellip;<\/p>\n","protected":false},"author":3,"featured_media":0,"comment_status":"open","ping_status":"closed","sticky":false,"template":"","format":"standard","meta":{"_jetpack_memberships_contains_paid_content":false,"footnotes":"","jetpack_publicize_message":"","jetpack_publicize_feature_enabled":true,"jetpack_social_post_already_shared":true,"jetpack_social_options":{"image_generator_settings":{"template":"highway","enabled":false},"version":2}},"categories":[21],"tags":[],"class_list":["post-870","post","type-post","status-publish","format-standard","hentry","category-notizie"],"jetpack_publicize_connections":[],"jetpack_featured_media_url":"","jetpack_sharing_enabled":true,"jetpack_likes_enabled":true,"_links":{"self":[{"href":"https:\/\/ccb-sardegna.it\/index.php?rest_route=\/wp\/v2\/posts\/870","targetHints":{"allow":["GET"]}}],"collection":[{"href":"https:\/\/ccb-sardegna.it\/index.php?rest_route=\/wp\/v2\/posts"}],"about":[{"href":"https:\/\/ccb-sardegna.it\/index.php?rest_route=\/wp\/v2\/types\/post"}],"author":[{"embeddable":true,"href":"https:\/\/ccb-sardegna.it\/index.php?rest_route=\/wp\/v2\/users\/3"}],"replies":[{"embeddable":true,"href":"https:\/\/ccb-sardegna.it\/index.php?rest_route=%2Fwp%2Fv2%2Fcomments&post=870"}],"version-history":[{"count":2,"href":"https:\/\/ccb-sardegna.it\/index.php?rest_route=\/wp\/v2\/posts\/870\/revisions"}],"predecessor-version":[{"id":882,"href":"https:\/\/ccb-sardegna.it\/index.php?rest_route=\/wp\/v2\/posts\/870\/revisions\/882"}],"wp:attachment":[{"href":"https:\/\/ccb-sardegna.it\/index.php?rest_route=%2Fwp%2Fv2%2Fmedia&parent=870"}],"wp:term":[{"taxonomy":"category","embeddable":true,"href":"https:\/\/ccb-sardegna.it\/index.php?rest_route=%2Fwp%2Fv2%2Fcategories&post=870"},{"taxonomy":"post_tag","embeddable":true,"href":"https:\/\/ccb-sardegna.it\/index.php?rest_route=%2Fwp%2Fv2%2Ftags&post=870"}],"curies":[{"name":"wp","href":"https:\/\/api.w.org\/{rel}","templated":true}]}}