{"id":1950,"date":"2022-07-05T12:12:44","date_gmt":"2022-07-05T12:12:44","guid":{"rendered":"https:\/\/ccb-sardegna.it\/?p=1950"},"modified":"2022-07-05T12:12:44","modified_gmt":"2022-07-05T12:12:44","slug":"bestmedgrape-international-conference","status":"publish","type":"post","link":"https:\/\/ccb-sardegna.it\/?p=1950","title":{"rendered":"BESTMEDGRAPE INTERNATIONAL CONFERENCE"},"content":{"rendered":"\n<p>La prima delle due conferenze internazionali di <a href=\"https:\/\/www.facebook.com\/bestmedgrape\/?__cft__[0]=AZUGNwq_QXuHIb-jHA3IIV34Jc1NN5ehFEGF6tuTWorksjkPYrODeiGUZ__nJU85ykRDWTsrYQFEs9FJB6HKNkjMCeU4xX0SP0wkdzA8FG5M4z2N8X0guZjf0jytqHdi00HTpJHhUp8Ai_IuiqY07OIBFCyPp0GCivwrBL622uneiQ&amp;__tn__=kK-R\">Bestmedgrape &#8211; ENI CBC Med project<\/a> \u00e8 ormai alle porte <img loading=\"lazy\" decoding=\"async\" height=\"16\" width=\"16\" alt=\"\ud83c\udf47\" src=\"https:\/\/static.xx.fbcdn.net\/images\/emoji.php\/v9\/te\/1\/16\/1f347.png\"><img loading=\"lazy\" decoding=\"async\" height=\"16\" width=\"16\" alt=\"\ud83c\udf47\" src=\"https:\/\/static.xx.fbcdn.net\/images\/emoji.php\/v9\/te\/1\/16\/1f347.png\"><img loading=\"lazy\" decoding=\"async\" height=\"16\" width=\"16\" alt=\"\ud83c\udf47\" src=\"https:\/\/static.xx.fbcdn.net\/images\/emoji.php\/v9\/te\/1\/16\/1f347.png\"><\/p>\n\n\n\n<p>L&#8217;evento si svolger\u00e0 a Beirut nei giorni 11 e 12 luglio, ma sar\u00e0 trasmesso in diretta sulla pagina del progetto e su questa pagina, oltre che via zoom, al link che si trova nell&#8217;evento.<\/p>\n\n\n\n<p>Vi anticipiamo inoltre che la seconda conferenza di <a href=\"https:\/\/www.facebook.com\/bestmedgrape\/?__cft__[0]=AZUGNwq_QXuHIb-jHA3IIV34Jc1NN5ehFEGF6tuTWorksjkPYrODeiGUZ__nJU85ykRDWTsrYQFEs9FJB6HKNkjMCeU4xX0SP0wkdzA8FG5M4z2N8X0guZjf0jytqHdi00HTpJHhUp8Ai_IuiqY07OIBFCyPp0GCivwrBL622uneiQ&amp;__tn__=kK-R\">Bestmedgrape &#8211; ENI CBC Med project<\/a> avr\u00e0 luogo a Cagliari il 27 settembre e sar\u00e0 aperta a tutte le persone interessate.<\/p>\n\n\n\n<p>A presto per aggiornamenti <img loading=\"lazy\" decoding=\"async\" height=\"16\" width=\"16\" alt=\"\ud83d\ude00\" src=\"https:\/\/static.xx.fbcdn.net\/images\/emoji.php\/v9\/tce\/1\/16\/1f600.png\"><\/p>\n","protected":false},"excerpt":{"rendered":"<p>La prima delle due conferenze internazionali di Bestmedgrape &#8211; ENI CBC Med project \u00e8 ormai alle porte L&#8217;evento si svolger\u00e0 a Beirut nei giorni 11 e 12 luglio, ma sar\u00e0&hellip;<\/p>\n","protected":false},"author":3,"featured_media":0,"comment_status":"open","ping_status":"closed","sticky":false,"template":"","format":"standard","meta":{"_jetpack_memberships_contains_paid_content":false,"footnotes":"","jetpack_publicize_message":"","jetpack_publicize_feature_enabled":false,"jetpack_social_post_already_shared":true,"jetpack_social_options":{"image_generator_settings":{"template":"highway","enabled":false},"version":2}},"categories":[21],"tags":[],"class_list":["post-1950","post","type-post","status-publish","format-standard","hentry","category-notizie"],"jetpack_publicize_connections":[],"jetpack_featured_media_url":"","jetpack_sharing_enabled":true,"jetpack_likes_enabled":true,"_links":{"self":[{"href":"https:\/\/ccb-sardegna.it\/index.php?rest_route=\/wp\/v2\/posts\/1950","targetHints":{"allow":["GET"]}}],"collection":[{"href":"https:\/\/ccb-sardegna.it\/index.php?rest_route=\/wp\/v2\/posts"}],"about":[{"href":"https:\/\/ccb-sardegna.it\/index.php?rest_route=\/wp\/v2\/types\/post"}],"author":[{"embeddable":true,"href":"https:\/\/ccb-sardegna.it\/index.php?rest_route=\/wp\/v2\/users\/3"}],"replies":[{"embeddable":true,"href":"https:\/\/ccb-sardegna.it\/index.php?rest_route=%2Fwp%2Fv2%2Fcomments&post=1950"}],"version-history":[{"count":1,"href":"https:\/\/ccb-sardegna.it\/index.php?rest_route=\/wp\/v2\/posts\/1950\/revisions"}],"predecessor-version":[{"id":1953,"href":"https:\/\/ccb-sardegna.it\/index.php?rest_route=\/wp\/v2\/posts\/1950\/revisions\/1953"}],"wp:attachment":[{"href":"https:\/\/ccb-sardegna.it\/index.php?rest_route=%2Fwp%2Fv2%2Fmedia&parent=1950"}],"wp:term":[{"taxonomy":"category","embeddable":true,"href":"https:\/\/ccb-sardegna.it\/index.php?rest_route=%2Fwp%2Fv2%2Fcategories&post=1950"},{"taxonomy":"post_tag","embeddable":true,"href":"https:\/\/ccb-sardegna.it\/index.php?rest_route=%2Fwp%2Fv2%2Ftags&post=1950"}],"curies":[{"name":"wp","href":"https:\/\/api.w.org\/{rel}","templated":true}]}}